{"id":12527,"date":"2026-03-19T12:23:37","date_gmt":"2026-03-19T11:23:37","guid":{"rendered":"https:\/\/future-forever.de\/?p=12527"},"modified":"2026-03-19T12:23:40","modified_gmt":"2026-03-19T11:23:40","slug":"vuelta-a-good-espana-2025-egyszeru-tippek-az-ingyenes-elo-koezvetites-csapatok-szakaszok-es-rajtidok-megtekintesehez","status":"publish","type":"post","link":"https:\/\/future-forever.de\/?p=12527","title":{"rendered":"Vuelta a good Espa\u00f1a 2025: Egyszer? tippek az ingyenes \u00e9l? k\u00f6zvet\u00edt\u00e9s, csapatok, szakaszok \u00e9s rajtid?k megtekint\u00e9s\u00e9hez"},"content":{"rendered":"<div id=\"toc\" style=\"background: #f9f9f9;border: 1px solid #aaa;margin-bottom: 1em;padding: 1em;width: 350px\">\n<p class=\"toctitle\" style=\"font-weight: 700;text-align: center\">Cikkek<\/p>\n<ul class=\"toc_list\">\n<li><a href=\"#toc-0\">Vuelta an excellent Espa\u00f1a 2025: Tippek ingyenes \u00e9l? k\u00f6zvet\u00edt\u00e9s, csoportok, szint \u00e9s kezd\u00e9si jegyz?k\u00f6nyvek n\u00e9z\u00e9s\u00e9hez: sportingbet b\u00f3nuszk\u00f3d<\/a><\/li>\n<li><a href=\"#toc-1\">F\u00e1zis \u2014 Alba ? Limone Piemonte (Napf\u00e9ny 08\/ \u00b7 159,6 kilom\u00e9ter \u00b7 S\u00edk, folyamatos fin\u00e1l\u00e9val<\/a><\/li>\n<li><a href=\"#toc-2\">Ne hagyja ki a Vuelt\u00e1t egy j\u00f3 Espa\u00f1a 2025 \u00e9l?szerepl?vel<\/a><\/li>\n<li><a href=\"#toc-3\">20. szakasz Szeptember 7. Villarcayo \u2013 Pic\u00f3n Blanco 172 kilom\u00e9ter, hegy Tal\u00e1lja meg mag\u00e1t<\/a><\/li>\n<\/ul>\n<\/div>\n<p>A szombati hegyes szakasz lesz a legkiemelked?bb, de Kuss ma er?sen teljes\u00edtett, m\u00e9g a vezet?s\u00e9g stressze ellen\u00e9re is, \u00e9s a harmadik helyen \u00e1llhat, ami a harmadik nagy t\u00far\u00e1juk 2023-b\u00f3l. Vlasov t\u00edz m\u00e1sodperccel vezeti az \u00faj GC-csoportot, \u00edgy az es\u00e9lyeik elsz\u00e1lltak. Az \u00faj oroszoknak most val\u00f3sz\u00edn?leg meg kell k\u00fczdeni\u00fck GC-ellenfeleikkel, hogy szemben\u00e9zhessenek az \u00faj emelked?vel a v\u00e9g\u00e9n. <!--more--> Stresszes csend honol a mez?ny \u00e9s a rajt k\u00f6r\u00fcl, mivel a motorosok sz\u00e1molj\u00e1k a kilom\u00e9tereket a k\u00e9t emelked?s lejtmenetben.<\/p>\n<h2 id=\"toc-0\">Vuelta an excellent Espa\u00f1a 2025: Tippek ingyenes \u00e9l? k\u00f6zvet\u00edt\u00e9s, csoportok, szint \u00e9s kezd\u00e9si jegyz?k\u00f6nyvek n\u00e9z\u00e9s\u00e9hez: sportingbet b\u00f3nuszk\u00f3d<\/h2>\n<ul>\n<li>\u00cdgy megny\u00edlik az \u00faj csata, amely h\u00e1rom olasz p\u00e1ly\u00e1t foglal mag\u00e1ban, azonnali szintv\u00e1ltoz\u00e1ssal \u00e9s dombos t\u00e1jakkal.<\/li>\n<li>Az ilyen dombok \u00e1ltal\u00e1ban magasabbak is lehetnek \u2013 lehet?leg 1100 m\u00e9ter alatt \u2013, de az emelked?k t\u00f6bbnyire a tengerszintn\u00e9l kezd?dnek.<\/li>\n<li>A 18. f\u00e1zisban egy j\u00f3 huszonhat kilom\u00e9teres szem\u00e9lyes d\u00e1tum dem\u00f3 tal\u00e1lhat\u00f3, amely lehet?s\u00e9get ad a guruknak arra, hogy nagyon fontos m\u00e1sodperceket szerezzenek.<\/li>\n<li>A nagy h\u00edr azonnal azok sz\u00e1m\u00e1ra, akik lemaradtak r\u00f3la, hogy a csatavezet? Jonas Vingegaard, a Visma-Rent a bike-szerel?csoportj\u00e1nak teheraut\u00f3j\u00e1t elfogt\u00e1k, \u00e9s k\u00f6r\u00fclbel\u00fcl 18 ker\u00e9kp\u00e1rt vittek el.<\/li>\n<\/ul>\n<p>Az \u00fcnnep nemr\u00e9g l\u00e9pett be Spanyolorsz\u00e1g \u00faj hat\u00e1r\u00e1ba, \u00e9s Andorr\u00e1ba \u2013 egy m\u00e1sik orsz\u00e1gba, amely \u00fagy d\u00f6nt\u00f6tt, hogy \u00faj versenyre indul \u2013, a friss 4. helyen v\u00e9gzett. Eml\u00e9keztet?\u00fcl Torstein Tr\u00e6en, a GC legjobb helyezettje a szakaszb\u00f3l a 26. helyen v\u00e9gzett az 58. percben. A friss csapad\u00e9k egyel?re al\u00e1bbhagyott, \u00e9s a versenyz?k szintje is visszaesett. B\u00e1r az idei \u00e9v v\u00e1ltozni fog, az sokkal l\u00e1that\u00f3bb\u00e1 v\u00e1lik att\u00f3l f\u00fcgg?en, hogyan teljes\u00edt a mai szakaszon. Vingeard azt is mondta, hogy a sr\u00e1cot most v\u00e9delemre van sz\u00fcks\u00e9g \u2013 de honnan? Az UAE Team Emirates lenne a lehets\u00e9ges jel\u00f6ltek, akik k\u00f6z\u00fcl Almeida, Ayuso \u00e9s tal\u00e1n Soler is k\u00e9szen \u00e1llnak arra, hogy kih\u00edv\u00e1st jelentsenek neki.<\/p>\n<ul>\n<li>Az \u00faj t\u00far\u00e1z\u00e1s azonnal megkezd?dik, hogy a sz\u00f6k\u00e9s sikeres legyen, mivel a verseny el\u00e9rte c\u00e9lj\u00e1t a Monforte de Lemos-ban.<\/li>\n<li>Spanyolorsz\u00e1g g\u00e9pnemzet\u00e9ben az RTVE t\u00e1rsadalmi m?sorszolg\u00e1ltat\u00f3 megpr\u00f3b\u00e1lja ingyenesen sug\u00e1rozni az \u00faj Vuelta a Espa\u00f1a versenyt a f\u00f6ldi telev\u00edzi\u00f3n \u00e9s az RTVE Gamble online streaming m?sor\u00e1n, ahol sz\u00e1mos k\u00f6zvet\u00edt\u00e9s tal\u00e1lhat\u00f3 az esem\u00e9nyr?l.<\/li>\n<li>K\u00f6r\u00fclbel\u00fcl 15 km-t kell megtenni, miel?tt a ker\u00e9kp\u00e1rosok nekiv\u00e1gnak a k\u00f6z\u00e9pt\u00e1v\u00fa versenynek.<\/li>\n<li>\u00cdgy a n\u00f6vekv? tehets\u00e9g r\u00e9sz\u00e9r?l kell majd visszany\u00falnom.<\/li>\n<li>Az \u00faj Angliru utols\u00f3k\u00e9nt indul a 2023-as \u00faj csat\u00e1ban, miut\u00e1n felmer\u00fclt a Jumbo-Visma bels? fesz\u00fclts\u00e9ge, \u00edgy kisebb a val\u00f3sz\u00edn?s\u00e9ge annak, hogy hossz\u00fa v\u00e1rakoz\u00e1s van a f\u00e9lelmetes p\u00e1ly\u00e1kra val\u00f3 visszat\u00e9r\u00e9s el?tt, de ez nem jelenti azt, hogy az \u00faj v\u00e1rakoz\u00e1s nem lenne nagy.<\/li>\n<\/ul>\n<p>B\u00e1rmely, a nap folyam\u00e1n tett hat\u00e1rozott l\u00e9p\u00e9s kisebb lesz, mint a val\u00f3di nyom\u00e1s. A Vuelta egy \u00e9rdekes szakasza, amelyen n\u00e9h\u00e1ny nagyobb emelked? tal\u00e1lhat\u00f3, egym\u00e1st\u00f3l t\u00e1vol. A k\u00f6vetkez? oszt\u00e1ly, a Puerto <a href=\"https:\/\/fogadas-sport.com\/sportingbet\/\">sportingbet b\u00f3nuszk\u00f3d<\/a> de Alisas, mind\u00f6ssze 41 km-re korl\u00e1toz\u00f3dik a nap folyam\u00e1n, s\u00edk vagy hull\u00e1mos terepen, a kateg\u00f3ria kezdete el?tt, a 74 km-rel k\u00e9s?bbi Collada de Brenesig. Az \u00faj vonal \u00e9s a sz?k\u00f6s befut\u00e1s lehet?s\u00e9get ad a r\u00e9szleges \u00e1tcsoportos\u00edt\u00e1sra, de egy nagy k\u00fcl\u00f6nbs\u00e9g a felfel\u00e9 menet nagyon fontos lesz.<\/p>\n<h2 id=\"toc-1\">F\u00e1zis \u2014 Alba ? Limone Piemonte (Napf\u00e9ny 08\/ \u00b7 159,6 kilom\u00e9ter \u00b7 S\u00edk, folyamatos fin\u00e1l\u00e9val<\/h2>\n<p><img decoding=\"async\" src=\"https:\/\/cdn.dribbble.com\/users\/604032\/screenshots\/5468242\/9dribbble_1600x1200_2x.png\" alt=\"sportingbet b\u00f3nuszk\u00f3d\" align=\"left\" border=\"1\"><\/p>\n<p>\u201eHolnap egy kicsit kev\u00e9sb\u00e9 bonyolult szakasz k\u00f6vetkezik, de a l\u00e9nyeg, hogy koncentr\u00e1lj. A 20. szakasz egy hosszabb \u00e9s neh\u00e9z lesz. Kil\u00e9pt\u00fcnk a nagy dombokr\u00f3l, de ezek \u00e1ltal\u00e1ban el\u00e9g nehezek lehetnek.\u201d A pelotonb\u00f3l felfel\u00e9 \u00edvel a sebess\u00e9g, mivel a csapatoknak neh\u00e9zs\u00e9get okoz a 8 l\u00e9pcs?s, 3 kilom\u00e9teres, 8,6%-os emelked? elej\u00e9re jutni. A szakasz kevesebb, mint h\u00e1rom kilom\u00e9terre van a p\u00e1ly\u00e1t\u00f3l az \u00faj emelked?ig. \u201eEgyel?re el\u00e9gedett vagyok, \u00e9s v\u00e1rom. Szerintem j\u00f3 lesz, f?leg, ha ma m\u00e9g elhozok p\u00e1r dolgot otthonr\u00f3l, ma meg kell tartanod a mezt, \u00e9s a szakasz v\u00e9g\u00e9re majd meglesz\u00fcnk. Ha Kuss most r\u00f6gt\u00f6n ki\u00e1ll, akkor a Vuelta v\u00e9g\u00e9ig k\u00e9pletesen lejtmenet lesz az \u00fat.\u201d<\/p>\n<p>Az Alpecin-Deceuninck \u00e9s az Israel-Premier Technical vezeti az \u00faj \u00fcld\u00f6z\u00e9st a m\u00e1sodik mez?nyben, hogy lez\u00e1rj\u00e1k a Lidl-Trip kezdeti mez?ny\u00e9t, amelyhez Philipsen \u00e9s Ethan Vernon is hozz\u00e1j\u00e1rultak. Gamper \u00e9s Van Boven a Cuorgn\u00e9-i \u00faj, halad\u00f3 szakasz el?tt ragadtak. A Lidl-Trip igyekszik magasabbra tenni a temp\u00f3t, de a Visma-Book motorker\u00e9kp\u00e1r-foglal\u00e1sa megnehez\u00edti sz\u00e1mukra, hogy Vingearddal tov\u00e1bbjuthassanak az \u00faj lejt?re. Mind\u00f6ssze 3 km van h\u00e1tra az emelked? tetej\u00e9ig, ahol Quinn f\u00e9lig Verre el?tt van. Az \u00faj boxutca k\u00f6r\u00fclbel\u00fcl 1&#039;30&quot;-ra van, \u00e9s valamivel t\u00f6bb mint 20 km van h\u00e1tra a KoM-on, az \u00faj szakasz k\u00f6zep\u00e9n.<\/p>\n<p>A f\u00e9l tucatnyi, 35 h\u00fcvelykes szakaszon l\u00e9v? versenyz? k\u00f6z\u00fcl a leg\u00fajabbak ism\u00e9t cs\u00f6kken?ben vannak. Van n\u00e9h\u00e1ny j\u00f3 m\u00e1sz\u00f3 az \u00e9len, \u00e9s Ayus\u00f3nak \u00e9s t\u00e1rsainak biztosan nem lesz k\u00f6nny? behozni ?ket. Most a ny\u00edlt emelked?n vannak, ahol Garcia \u00e9ppen kiesett az \u00e9lr?l az 5 h\u00fcvelykes szakaszon, miel?tt egy Kragh miatt felker\u00fclt csoporthoz. A Visma-Lease ma egy motort b\u00e9rel az \u00faj mez?ny \u00e9l\u00e9n, \u00e9s nagy sebess\u00e9ggel haladnak el\u00f6l, Dylan van Baarle pedig mindent ir\u00e1ny\u00edt. Ayuso, Buitrago, Pablo Castrillo (Movistar) mindannyian a sz\u00fcnetben vannak, ahol m\u00e9g sokan m\u00e1sok vannak, \u00e9s Soler gyorsan t\u00e1madja az \u00e9len, hogy gyors\u00edtson. A mez?ny elleni t\u00e1mad\u00e1sokt\u00f3l t\u00e1volod\u00f3 r\u00f6vid lend\u00fclet ism\u00e9t lecsillap\u00edtja a csapatot. A k\u00f6zepes sebess\u00e9g eddig 55 km\/h, sz\u00f3val \u00e1ltal\u00e1ban maradnak.<\/p>\n<p>Ig\u00e9nyes k\u00fczdelemnek kell lennie a kiker\u00fclt guruk \u00e9s azok k\u00f6z\u00f6tt, akik egy szervezet v\u00e1gt\u00e1j\u00e1t akarj\u00e1k biztos\u00edtani. A leg\u00fajabb Vuelta harmadik szakasz\u00e1ban, az els? kateg\u00f3ri\u00e1ban, fel lehet jutni a Pe\u00f1as Blancasra. Estepona \u00e1ltal\u00e1ban a szakasz utols\u00f3 szakasz\u00e1t szolg\u00e1lja ki, h\u00e1rom \u00e9vvel azut\u00e1n, hogy Richard Carapaz sz\u00f3l\u00f3zott, \u00edgy 2022-ben nyerhetett, ami az els? k\u00f6r\u00fclbel\u00fcl h\u00e1rom szakaszos el?ny az ecuadori versenyz?vel szemben abban a kiad\u00e1sban.<\/p>\n<h2 id=\"toc-2\">Ne hagyja ki a Vuelt\u00e1t egy j\u00f3 Espa\u00f1a 2025 \u00e9l?szerepl?vel<\/h2>\n<p><img decoding=\"async\" src=\"http:\/\/www.gethimtothegreek.net\/wp-content\/uploads\/2018\/08\/ball-sports-betting.jpg\" alt=\"sportingbet b\u00f3nuszk\u00f3d\" border=\"0\" align=\"right\"><\/p>\n<p>\u00d6sszesen 10 z\u00e1r\u00f3 szakasz lesz, amelyek k\u00f6z\u00fcl nyolc a Kaszt\u00edlia-La Mancha r\u00e9gi\u00f3ban helyezkedik el, ezek k\u00f6z\u00fcl a legjelent?sebb az \u00faj, h\u00edrhedt Alto de l&#039;Angliru. A k\u00f6vetkez? h\u00e9t egy remek, hegyes nappal kezd?dik, amely a Kaszt\u00edlia-La Mancha r\u00e9gi\u00f3ban z\u00e1rul, de ez semmi a j\u00f6v?beli, m\u00e9g nagyobb kih\u00edv\u00e1st jelent? versenyekhez k\u00e9pest. A 11. szakasz a nap harmadik csoportversenye, de a szervez?k ism\u00e9t nem k\u00f6nny?v\u00e9 tett\u00e9k a gyors r\u00e9sztvev?ket, egy 30 km-es emelked?vel. Az \u00faj szakasz nagyon kanyarg\u00f3s lesz, alig lesznek s\u00edk r\u00e9szei, \u00e9s olyan t\u00f6rt\u00e9nelmi emelked?ket id\u00e9z fel, mint az Alto del Le\u00f3n. A nap els? emelked?j\u00e9n, az Escondid\u00e1n\u00e1l egy sz\u00f6k\u00e9s lesz, \u00edgy a leg\u00fajabb mez?nyt a korl\u00e1taihoz szor\u00edtva k\u00fczdhetnek a szakaszgy?zelmek\u00e9rt. Ezt k\u00f6veti egy nagyszer? kombin\u00e1ci\u00f3 a 2-es kateg\u00f3ri\u00e1s emelked?kt?l az \u00faj fin\u00e1l\u00e9ban, az Aldo de Prado \u00e9s a konferencia v\u00e9g\u00e9n, amelyek mindketten felfel\u00e9 t\u00f6rekednek az utols\u00f3 28 km-en.<\/p>\n<h2 id=\"toc-3\">20. szakasz Szeptember 7. Villarcayo \u2013 Pic\u00f3n Blanco 172 kilom\u00e9ter, hegy Tal\u00e1lja meg mag\u00e1t<\/h2>\n<p>A nap egyetlen min?s\u00edtett emelked?je 63 km-re \u00e9rkezett az \u00faj szakaszra, Verre hozta a korl\u00e1toz\u00f3 dolgokat, hogy megtartsa a p\u00f6tty\u00f6s mezt a holnapi szakaszra. Ugyanakkor Reinderink az els?, aki \u00e1tszeli az \u00faj p\u00e1ly\u00e1t a Valdengo k\u00f6ztes szakasz\u00e1b\u00f3l Vinokurov \u00e9s Bouwman el?tt, nekik f\u00e9l tucat, n\u00e9gy \u00e9s k\u00e9t m\u00e1sodpercet szerezve. Carlosnak semmi k\u00f6ze, az \u00faj verseny egy pihen? ut\u00e1n \u00fajraindul az Alcarazban. Az eredeti edz\u00e9s a spanyol p\u00e1ly\u00e1n \u00e9r v\u00e9get, Aram\u00f3n Valdelinares igazi k\u00fczdelmet pr\u00f3b\u00e1l, \u00e9s t\u00f6bb r\u00e9szb?l is \u00e1llhatunk.<\/p>\n<p>A Visma-Rent a bike tov\u00e1bbra is a leg\u00fajabb temp\u00f3t k\u00e9pviseli a mez?nyben, ahol n\u00e9h\u00e1ny motoros is van. Az UAE Party Emirates-XRG gyorsan befut, majd k\u00f6zvetlen\u00fcl m\u00f6g\u00f6tt\u00fck a Q36.5. A sz\u00fcnet val\u00f3ban a legnagyobb, mivel a split-ek mindig megny\u00edlnak, \u00e9s azonnal vissza kell \u00e1ll\u00edtani, amint a versenyz?k kih\u00faznak a p\u00e1ly\u00e1r\u00f3l, k\u00fcl\u00f6nben b\u00e1rkit k\u00e9nyszer\u00edteni kell. A jelenlegi szakasz k\u00f6r\u00fclbel\u00fcl fele azt jelenti, hogy 2&#039;21&quot;-es a mez?ny plusz a crack. A kateg\u00f3ria folytat\u00e1s\u00e1ra indul\u00f3 versenyz?k sz\u00e1ma 11-en \u00e1llnak, \u00e9s a 40 \u00e9ves koroszt\u00e1ly egyenes h\u00e1tulj\u00e1t\u00f3l a 20&quot;-os szakaszon vannak. Az \u00faj mez?ny 1&#039;57&quot;-es h\u00e1tr\u00e1nnyal rendelkezik. Mikel Landa (Soudal-QuickStep) a sz\u00f6k\u00e9sben van, ak\u00e1rcsak Bruno Armirail (Decathlon-AG2R Los Angeles Mondiale).<\/p>\n","protected":false},"excerpt":{"rendered":"<p>Cikkek Vuelta an excellent Espa\u00f1a 2025: Tippek ingyenes \u00e9l? k\u00f6zvet\u00edt\u00e9s, csoportok, szint \u00e9s kezd\u00e9si jegyz?k\u00f6nyvek n\u00e9z\u00e9s\u00e9hez: sportingbet b\u00f3nuszk\u00f3d F\u00e1zis \u2014 Alba ? Limone Piemonte (Napf\u00e9ny 08\/ \u00b7 159,6 kilom\u00e9ter \u00b7 S\u00edk, folyamatos fin\u00e1l\u00e9val Ne hagyja ki a Vuelt\u00e1t egy j\u00f3 Espa\u00f1a 2025 \u00e9l?szerepl?vel 20. szakasz Szeptember 7. Villarcayo \u2013 Pic\u00f3n Blanco 172 kilom\u00e9ter, hegy Tal\u00e1lja [&hellip;]<\/p>\n","protected":false},"author":10,"featured_media":0,"comment_status":"closed","ping_status":"open","sticky":false,"template":"","format":"standard","meta":{"footnotes":""},"categories":[1],"tags":[],"class_list":["post-12527","post","type-post","status-publish","format-standard","hentry","category-allgemein"],"_links":{"self":[{"href":"https:\/\/future-forever.de\/index.php?rest_route=\/wp\/v2\/posts\/12527"}],"collection":[{"href":"https:\/\/future-forever.de\/index.php?rest_route=\/wp\/v2\/posts"}],"about":[{"href":"https:\/\/future-forever.de\/index.php?rest_route=\/wp\/v2\/types\/post"}],"author":[{"embeddable":true,"href":"https:\/\/future-forever.de\/index.php?rest_route=\/wp\/v2\/users\/10"}],"replies":[{"embeddable":true,"href":"https:\/\/future-forever.de\/index.php?rest_route=%2Fwp%2Fv2%2Fcomments&post=12527"}],"version-history":[{"count":1,"href":"https:\/\/future-forever.de\/index.php?rest_route=\/wp\/v2\/posts\/12527\/revisions"}],"predecessor-version":[{"id":12528,"href":"https:\/\/future-forever.de\/index.php?rest_route=\/wp\/v2\/posts\/12527\/revisions\/12528"}],"wp:attachment":[{"href":"https:\/\/future-forever.de\/index.php?rest_route=%2Fwp%2Fv2%2Fmedia&parent=12527"}],"wp:term":[{"taxonomy":"category","embeddable":true,"href":"https:\/\/future-forever.de\/index.php?rest_route=%2Fwp%2Fv2%2Fcategories&post=12527"},{"taxonomy":"post_tag","embeddable":true,"href":"https:\/\/future-forever.de\/index.php?rest_route=%2Fwp%2Fv2%2Ftags&post=12527"}],"curies":[{"name":"wp","href":"https:\/\/api.w.org\/{rel}","templated":true}]}}